{"id":390,"date":"2022-03-16T19:26:28","date_gmt":"2022-03-16T17:26:28","guid":{"rendered":"http:\/\/karateopen.fi\/?p=390"},"modified":"2022-03-16T19:26:28","modified_gmt":"2022-03-16T17:26:28","slug":"14-3-avin-koronarajoitukset-paattyvat-uudellamaalla-15-3-2022","status":"publish","type":"post","link":"http:\/\/karateopen.fi\/?p=390","title":{"rendered":"(14.3) AVI:n koronarajoitukset p\u00e4\u00e4ttyv\u00e4t Uudellamaalla 15.3.2022"},"content":{"rendered":"\n<h4 class=\"wp-block-heading\">14.3.&nbsp;<a href=\"https:\/\/www.kirkkonummi.fi\/avin-koronarajoitukset-paattyvat-uudellamaalla-153\" target=\"_blank\" rel=\"noreferrer noopener\">AVI:n koronarajoitukset p\u00e4\u00e4ttyv\u00e4t Uudellamaalla 15.3.Avautuu uuteen ikkunaan<\/a><\/h4>\n\n\n\n<p><strong>Uudenmaan alueella voimassa oleva m\u00e4\u00e4r\u00e4ys asiakas- ja yleis\u00f6tilojen terveysturvallisesta k\u00e4yt\u00f6st\u00e4 p\u00e4\u00e4ttyy tiistaina 15.3. Yleiset hygieniavaatimukset pysyv\u00e4t kuitenkin voimassa.<\/strong><\/p>\n\n\n\n<p>Etel\u00e4-Suomen aluehallintovirasto ei ole jatkamassa Helsingin ja Uudenmaan sairaanhoitopiirin alueella 15.3. asti voimassa olevaa m\u00e4\u00e4r\u00e4yst\u00e4, joka velvoittaa tiloista vastaavat toimijat j\u00e4rjest\u00e4m\u00e4\u00e4n toiminnan tiloissa niin, ett\u00e4 l\u00e4hikontaktien aiheuttamaa tartuntariski\u00e4 voidaan ehk\u00e4ist\u00e4. Keskiviikosta 16.3. alkaen miss\u00e4\u00e4n Etel\u00e4-Suomen aluehallintoviraston toimialueella ei ole en\u00e4\u00e4 voimassa viraston asettamia koronarajoituksia.<\/p>\n\n\n\n<p><a href=\"https:\/\/www.kirkkonummi.fi\/ajankohtaista-tietoa-koronaviruksesta\" target=\"_blank\" rel=\"noreferrer noopener\">Linkki artikkeliin<\/a><\/p>\n","protected":false},"excerpt":{"rendered":"<p>14.3.&nbsp;AVI:n koronarajoitukset p\u00e4\u00e4ttyv\u00e4t Uudellamaalla 15.3.Avautuu uuteen ikkunaan Uudenmaan alueella voimassa oleva m\u00e4\u00e4r\u00e4ys asiakas- ja yleis\u00f6tilojen terveysturvallisesta k\u00e4yt\u00f6st\u00e4 p\u00e4\u00e4ttyy tiistaina 15.3. Yleiset hygieniavaatimukset pysyv\u00e4t kuitenkin voimassa. Etel\u00e4-Suomen aluehallintovirasto ei ole jatkamassa Helsingin ja Uudenmaan sairaanhoitopiirin alueella 15.3. asti voimassa olevaa m\u00e4\u00e4r\u00e4yst\u00e4, joka velvoittaa tiloista vastaavat toimijat j\u00e4rjest\u00e4m\u00e4\u00e4n toiminnan tiloissa niin, ett\u00e4 l\u00e4hikontaktien aiheuttamaa tartuntariski\u00e4 voidaan ehk\u00e4ist\u00e4. [&hellip;]<\/p>\n","protected":false},"author":2,"featured_media":0,"comment_status":"closed","ping_status":"","sticky":false,"template":"","format":"standard","meta":{"footnotes":""},"categories":[1],"tags":[],"class_list":["post-390","post","type-post","status-publish","format-standard","hentry","category-uncategorized"],"_links":{"self":[{"href":"http:\/\/karateopen.fi\/index.php?rest_route=\/wp\/v2\/posts\/390","targetHints":{"allow":["GET"]}}],"collection":[{"href":"http:\/\/karateopen.fi\/index.php?rest_route=\/wp\/v2\/posts"}],"about":[{"href":"http:\/\/karateopen.fi\/index.php?rest_route=\/wp\/v2\/types\/post"}],"author":[{"embeddable":true,"href":"http:\/\/karateopen.fi\/index.php?rest_route=\/wp\/v2\/users\/2"}],"replies":[{"embeddable":true,"href":"http:\/\/karateopen.fi\/index.php?rest_route=%2Fwp%2Fv2%2Fcomments&post=390"}],"version-history":[{"count":1,"href":"http:\/\/karateopen.fi\/index.php?rest_route=\/wp\/v2\/posts\/390\/revisions"}],"predecessor-version":[{"id":391,"href":"http:\/\/karateopen.fi\/index.php?rest_route=\/wp\/v2\/posts\/390\/revisions\/391"}],"wp:attachment":[{"href":"http:\/\/karateopen.fi\/index.php?rest_route=%2Fwp%2Fv2%2Fmedia&parent=390"}],"wp:term":[{"taxonomy":"category","embeddable":true,"href":"http:\/\/karateopen.fi\/index.php?rest_route=%2Fwp%2Fv2%2Fcategories&post=390"},{"taxonomy":"post_tag","embeddable":true,"href":"http:\/\/karateopen.fi\/index.php?rest_route=%2Fwp%2Fv2%2Ftags&post=390"}],"curies":[{"name":"wp","href":"https:\/\/api.w.org\/{rel}","templated":true}]}}